{"id":437,"date":"2020-12-18T15:00:33","date_gmt":"2020-12-18T14:00:33","guid":{"rendered":"https:\/\/jornal.aprene.org\/Jorn9\/?p=437"},"modified":"2020-12-18T15:50:31","modified_gmt":"2020-12-18T14:50:31","slug":"una-carta-de-nadal","status":"publish","type":"post","link":"https:\/\/jorn9.aprene.org\/?p=437","title":{"rendered":"Una carta de Nadal"},"content":{"rendered":"\n<p>Adieu tot lo mond ! Av\u00e8m ja parlat d\u2019un fum de subj\u00e8ctes div\u00e8rses e variats, u\u00e8i ai decidit de cambiar un pauc. Vos vau ajudar a menar un moment per fargar una carta de Nadal en classa o tanben a l\u2019ostal amb la v\u00f2stra familha. La carta que vos vau parlar, la vos meti en f\u00f2to per poder visualizar la causa.<\/p>\n\n\n\n<p>Primi\u00e8r, vaqu\u00ed lo material que vos caldr\u00e0 :<\/p>\n\n\n\n<p>&#8211; De fu\u00e8lhs A4 cartonats : verds, bruns e daurats.<br>&#8211; De cis\u00e8ls.<br>&#8211; De feutres.<br>&#8211; De decoracions de Nadal de pegar.<br>&#8211; Un po\u00e8ma.<\/p>\n\n\n\n<p>Dins un primi\u00e8r temps pren\u00e8tz lo v\u00f2stre fu\u00e8lh daurat, lo plegatz en dos. Lo met\u00e8tz de costat. Dins un segond temps pren\u00e8tz lo fu\u00e8lh verd, dessenhatz la v\u00f2stra man dess\u00fas. Pren\u00e8tz los cis\u00e8ls e la decopatz. Pren\u00e8tz lo fu\u00e8lh brun e decopatz un rectangle que far\u00e0 ofici de tronc. Sus la primi\u00e8ra de cob\u00e8rta pegatz lo v\u00f2stre tronc d\u2019arbre e la man amb los dets cap al naut per fargar un sap. Al naut de la v\u00f2stra carta pod\u00e8tz marcar \u00abPolit Nadal !\u00bb. Ara es vengut lo temps de far de decoracions. Pod\u00e8tz decorar lo v\u00f2stre sap coma vos agrada. Un c\u00f2p qu\u2019es plan b\u00e8l, dubriss\u00e8tz la carta e copiatz al dintre, lo po\u00e8ma de v\u00f2stra causida. Ieu per exemple ai causit \u00abNadal es dins lo b\u00f2sc\u00bb. Lo podretz trapar a la fins de mon article s\u2019aqu\u00f2 vos interessa. Un c\u00f2p aqu\u00f2 fach daissatz pla\u00e7a a la v\u00f2stra imaginacion, pod\u00e8tz dessenhar a l\u2019entorn del po\u00e8ma per rendre v\u00f2stra carta mai personala. Se son los v\u00f2stres enfants que fan aquesta carta, lor pod\u00e8tz prepausar d\u2019apondre la lista pel paire Nadal. Vaqu\u00ed av\u00e8tz una polida carta de Nadal de far !<\/p>\n\n\n\n<p class=\"has-text-align-center\"><strong><span class=\"has-inline-color has-vivid-red-color\">Nadal es dins lo b\u00f2sc<\/span><\/strong><br><span class=\"has-inline-color has-vivid-red-color\"><strong>Nadali Nadaleta<\/strong><br><strong>Nadal es dins lo b\u00f2sc<\/strong><br><strong>Se prepara per la f\u00e8sta<\/strong><br><strong>Cargu\u00e8t son mant\u00e8l b\u00e8l<\/strong><br><strong>Met\u00e8t sas b\u00f2tas negras<\/strong><br><strong>Aprest\u00e8t totes los presents<\/strong><br><strong>Nadal es dins lo b\u00f2sc<\/strong><br><strong>Nadali Nadaleta<\/strong><\/span><\/p>\n\n\n\n<div class=\"wp-block-image is-style-rounded\"><figure class=\"alignleft size-large is-resized\"><img loading=\"lazy\" decoding=\"async\" src=\"https:\/\/jorn9.aprene.org\/wp-content\/uploads\/2020\/12\/carta-nadal-1era-de-cuberta-2-768x1024.jpg\" alt=\"\" class=\"wp-image-498\" width=\"309\" height=\"412\" srcset=\"https:\/\/jorn9.aprene.org\/wp-content\/uploads\/2020\/12\/carta-nadal-1era-de-cuberta-2-768x1024.jpg 768w, https:\/\/jorn9.aprene.org\/wp-content\/uploads\/2020\/12\/carta-nadal-1era-de-cuberta-2-225x300.jpg 225w, https:\/\/jorn9.aprene.org\/wp-content\/uploads\/2020\/12\/carta-nadal-1era-de-cuberta-2.jpg 960w\" sizes=\"(max-width: 309px) 100vw, 309px\" \/><\/figure><\/div>\n\n\n\n<div class=\"wp-block-image is-style-rounded\"><figure class=\"alignright size-large is-resized\"><img loading=\"lazy\" decoding=\"async\" src=\"https:\/\/jorn9.aprene.org\/wp-content\/uploads\/2020\/12\/carta-de-nadal-dedins-2-1024x768.jpg\" alt=\"\" class=\"wp-image-496\" width=\"455\" height=\"341\" srcset=\"https:\/\/jorn9.aprene.org\/wp-content\/uploads\/2020\/12\/carta-de-nadal-dedins-2-1024x768.jpg 1024w, https:\/\/jorn9.aprene.org\/wp-content\/uploads\/2020\/12\/carta-de-nadal-dedins-2-300x225.jpg 300w, https:\/\/jorn9.aprene.org\/wp-content\/uploads\/2020\/12\/carta-de-nadal-dedins-2-768x576.jpg 768w, https:\/\/jorn9.aprene.org\/wp-content\/uploads\/2020\/12\/carta-de-nadal-dedins-2-rotated.jpg 1280w\" sizes=\"(max-width: 455px) 100vw, 455px\" \/><\/figure><\/div>\n\n\n\n<p><br><br><br><br><br><br><br><br><br><br><br><br><br><br><br>Am\u00e8lia Chabaud e la c\u00f2la<\/p>\n\n\n\n<p><\/p>\n","protected":false},"excerpt":{"rendered":"<p>Adieu tot lo mond ! Av\u00e8m ja parlat d\u2019un fum de subj\u00e8ctes div\u00e8rses e variats, u\u00e8i ai decidit de cambiar un pauc. Vos vau ajudar a menar un moment per fargar una carta de Nadal en classa o tanben a l\u2019ostal amb la v\u00f2stra familha. La carta que vos vau parlar, la vos meti en [&hellip;]<\/p>\n","protected":false},"author":4,"featured_media":439,"comment_status":"open","ping_status":"open","sticky":false,"template":"","format":"standard","meta":{"footnotes":""},"categories":[11,3],"tags":[],"class_list":["post-437","post","type-post","status-publish","format-standard","has-post-thumbnail","hentry","category-activitat-manuala","category-articles"],"_links":{"self":[{"href":"https:\/\/jorn9.aprene.org\/index.php?rest_route=\/wp\/v2\/posts\/437"}],"collection":[{"href":"https:\/\/jorn9.aprene.org\/index.php?rest_route=\/wp\/v2\/posts"}],"about":[{"href":"https:\/\/jorn9.aprene.org\/index.php?rest_route=\/wp\/v2\/types\/post"}],"author":[{"embeddable":true,"href":"https:\/\/jorn9.aprene.org\/index.php?rest_route=\/wp\/v2\/users\/4"}],"replies":[{"embeddable":true,"href":"https:\/\/jorn9.aprene.org\/index.php?rest_route=%2Fwp%2Fv2%2Fcomments&post=437"}],"version-history":[{"count":6,"href":"https:\/\/jorn9.aprene.org\/index.php?rest_route=\/wp\/v2\/posts\/437\/revisions"}],"predecessor-version":[{"id":501,"href":"https:\/\/jorn9.aprene.org\/index.php?rest_route=\/wp\/v2\/posts\/437\/revisions\/501"}],"wp:featuredmedia":[{"embeddable":true,"href":"https:\/\/jorn9.aprene.org\/index.php?rest_route=\/wp\/v2\/media\/439"}],"wp:attachment":[{"href":"https:\/\/jorn9.aprene.org\/index.php?rest_route=%2Fwp%2Fv2%2Fmedia&parent=437"}],"wp:term":[{"taxonomy":"category","embeddable":true,"href":"https:\/\/jorn9.aprene.org\/index.php?rest_route=%2Fwp%2Fv2%2Fcategories&post=437"},{"taxonomy":"post_tag","embeddable":true,"href":"https:\/\/jorn9.aprene.org\/index.php?rest_route=%2Fwp%2Fv2%2Ftags&post=437"}],"curies":[{"name":"wp","href":"https:\/\/api.w.org\/{rel}","templated":true}]}}