{"id":682,"date":"2021-04-16T13:41:27","date_gmt":"2021-04-16T11:41:27","guid":{"rendered":"https:\/\/jornal.aprene.org\/Jorn9\/?p=682"},"modified":"2021-04-16T14:18:46","modified_gmt":"2021-04-16T12:18:46","slug":"enquesta-dens-las-escolas-cap-a-limmersion","status":"publish","type":"post","link":"https:\/\/jorn9.aprene.org\/?p=682","title":{"rendered":"Enqu\u00e8sta dens las esc\u00f2las cap a l&rsquo;immersion"},"content":{"rendered":"\n<p>Aquestas annadas, au parat de las batal\u00e8ras deus Congr\u00e8s, que s&rsquo;i parl\u00e8 h\u00e8ra de la question de l&rsquo;immersion dens las esc\u00f2las Calandretas. Qu&rsquo;est\u00f3 lavetz enviat aus caps d&rsquo;establiments ua enqu\u00e8sta t\u00e0 con\u00e9isher au mei plan la pla\u00e7a deu parlar occitan.<\/p>\n\n\n\n<p>Los capdaus de la formacion Aprene que demand\u00e8n aus calandrins d&rsquo;analizar los resultats. Ua c\u00f2la que classifiqu\u00e8 totas las dadas t\u00e0 que la dusau e podosse har parlar totas aqueras chifras.<\/p>\n\n\n\n<p>Aci devath ua interpretacion dab emotic\u00f2nas t\u00e0&rsquo;vs har partajar lo noste sentit cap a la lectura deus resultats.<\/p>\n\n\n\n<div class=\"wp-block-group\"><div class=\"wp-block-group__inner-container is-layout-flow wp-block-group-is-layout-flow\"><a href=\"https:\/\/jorn9.aprene.org\/wp-content\/uploads\/2021\/04\/enquista_immersion_PS_map.pdf\" class=\"pdfemb-viewer\" style=\"width:500px;height:750px;\" data-width=\"500\" data-height=\"750\" data-toolbar=\"bottom\" data-toolbar-fixed=\"off\">enquista_immersion_PS_map<\/a>\n<p class=\"wp-block-pdfemb-pdf-embedder-viewer\"><\/p>\n\n\n\n<p><\/p>\n<\/div><\/div>\n\n\n\n<p><\/p>\n","protected":false},"excerpt":{"rendered":"<p>Aquestas annadas, au parat de las batal\u00e8ras deus Congr\u00e8s, que s&rsquo;i parl\u00e8 h\u00e8ra de la question de l&rsquo;immersion dens las esc\u00f2las Calandretas. Qu&rsquo;est\u00f3 lavetz enviat aus caps d&rsquo;establiments ua enqu\u00e8sta t\u00e0 con\u00e9isher au mei plan la pla\u00e7a deu parlar occitan. Los capdaus de la formacion Aprene que demand\u00e8n aus calandrins d&rsquo;analizar los resultats. Ua c\u00f2la [&hellip;]<\/p>\n","protected":false},"author":6,"featured_media":719,"comment_status":"open","ping_status":"open","sticky":false,"template":"","format":"standard","meta":{"footnotes":""},"categories":[3,6],"tags":[],"class_list":["post-682","post","type-post","status-publish","format-standard","has-post-thumbnail","hentry","category-articles","category-pedagogia"],"_links":{"self":[{"href":"https:\/\/jorn9.aprene.org\/index.php?rest_route=\/wp\/v2\/posts\/682"}],"collection":[{"href":"https:\/\/jorn9.aprene.org\/index.php?rest_route=\/wp\/v2\/posts"}],"about":[{"href":"https:\/\/jorn9.aprene.org\/index.php?rest_route=\/wp\/v2\/types\/post"}],"author":[{"embeddable":true,"href":"https:\/\/jorn9.aprene.org\/index.php?rest_route=\/wp\/v2\/users\/6"}],"replies":[{"embeddable":true,"href":"https:\/\/jorn9.aprene.org\/index.php?rest_route=%2Fwp%2Fv2%2Fcomments&post=682"}],"version-history":[{"count":3,"href":"https:\/\/jorn9.aprene.org\/index.php?rest_route=\/wp\/v2\/posts\/682\/revisions"}],"predecessor-version":[{"id":714,"href":"https:\/\/jorn9.aprene.org\/index.php?rest_route=\/wp\/v2\/posts\/682\/revisions\/714"}],"wp:featuredmedia":[{"embeddable":true,"href":"https:\/\/jorn9.aprene.org\/index.php?rest_route=\/wp\/v2\/media\/719"}],"wp:attachment":[{"href":"https:\/\/jorn9.aprene.org\/index.php?rest_route=%2Fwp%2Fv2%2Fmedia&parent=682"}],"wp:term":[{"taxonomy":"category","embeddable":true,"href":"https:\/\/jorn9.aprene.org\/index.php?rest_route=%2Fwp%2Fv2%2Fcategories&post=682"},{"taxonomy":"post_tag","embeddable":true,"href":"https:\/\/jorn9.aprene.org\/index.php?rest_route=%2Fwp%2Fv2%2Ftags&post=682"}],"curies":[{"name":"wp","href":"https:\/\/api.w.org\/{rel}","templated":true}]}}